
{"id":3836,"date":"2018-03-26T10:56:36","date_gmt":"2018-03-26T08:56:36","guid":{"rendered":"http:\/\/silonchantait.fr\/WordPress\/?p=3836"},"modified":"2019-03-09T23:04:58","modified_gmt":"2019-03-09T21:04:58","slug":"sance-la-chorale-si-lon-chantait-a-fait-fureur-samedi-soir","status":"publish","type":"post","link":"https:\/\/silonchantait.fr\/WordPress\/sance-la-chorale-si-lon-chantait-a-fait-fureur-samedi-soir\/","title":{"rendered":"SANC\u00c9 : La chorale \u00ab\u00a0Si l&rsquo;on chantait\u00a0\u00bb a fait fureur samedi soir"},"content":{"rendered":"<p><span style=\"font-family: 'comic sans ms', sans-serif; font-size: 14pt;\"><strong>Ce samedi 24 mars \u00e0 20h30 \u00e0 la salle de f\u00eates de Sanc\u00e9, la chorale \u00ab\u00a0si l&rsquo;on chantait\u00a0\u00bb et l&rsquo;harmonie de Cr\u00eaches sur Sa\u00f4ne ont su communiquer enthousiasme, joie et bonheur \u00e0 un public venu nombreux.<\/strong><\/span><\/p>\n<p><span style=\"font-family: 'comic sans ms', sans-serif; font-size: 14pt;\"><strong>Ce spectacle chorale alliant chants populaires classique et un peu d&rsquo;op\u00e9rette, repr\u00e9sentant l&rsquo;histoire musicale de \u00ab\u00a0Si l&rsquo;on chantait\u00a0\u00bb depuis ses d\u00e9buts en 1998.<\/strong><\/span><\/p>\n<p><span style=\"font-family: 'comic sans ms', sans-serif; font-size: 14pt;\"><strong>Chrorale dirig\u00e9e par Olivia Gallina et au piano Jean-Jacques Basteau.<\/strong><\/span><\/p>\n<p><span style=\"font-family: 'comic sans ms', sans-serif; font-size: 14pt;\"><strong>Prochain rendez-vous samedi 31 mars \u00e0 20h30 \u00e0 la salle des f\u00eates de Cr\u00eaches sur Sa\u00f4ne.<\/strong><\/span><\/p>\n<h4><a href=\"https:\/\/silonchantait.fr\/WordPress\/wp-content\/uploads\/2018\/03\/SILONCHANTAIT_CHORALE_01.jpg\" target=\"_blank\" rel=\"https:\/\/www.macon-infos.com\/index.php?option=com_content&amp;view=article&amp;id=16222:sance-la-chorale-crechoise-si-l-on-chantait-a-fait-fureur-samedi-soir&amp;catid=164&amp;itemid=294&amp;lang=fr noopener noreferrer\"><img loading=\"lazy\" decoding=\"async\" class=\"aligncenter wp-image-3837 size-full\" src=\"https:\/\/silonchantait.fr\/WordPress\/wp-content\/uploads\/2018\/03\/SILONCHANTAIT_CHORALE_01.jpg\" alt=\"\" width=\"800\" height=\"534\" srcset=\"https:\/\/silonchantait.fr\/WordPress\/wp-content\/uploads\/2018\/03\/SILONCHANTAIT_CHORALE_01.jpg 800w, https:\/\/silonchantait.fr\/WordPress\/wp-content\/uploads\/2018\/03\/SILONCHANTAIT_CHORALE_01-300x200.jpg 300w, https:\/\/silonchantait.fr\/WordPress\/wp-content\/uploads\/2018\/03\/SILONCHANTAIT_CHORALE_01-100x67.jpg 100w, https:\/\/silonchantait.fr\/WordPress\/wp-content\/uploads\/2018\/03\/SILONCHANTAIT_CHORALE_01-150x100.jpg 150w, https:\/\/silonchantait.fr\/WordPress\/wp-content\/uploads\/2018\/03\/SILONCHANTAIT_CHORALE_01-200x134.jpg 200w, https:\/\/silonchantait.fr\/WordPress\/wp-content\/uploads\/2018\/03\/SILONCHANTAIT_CHORALE_01-450x300.jpg 450w, https:\/\/silonchantait.fr\/WordPress\/wp-content\/uploads\/2018\/03\/SILONCHANTAIT_CHORALE_01-600x401.jpg 600w\" sizes=\"auto, (max-width: 800px) 100vw, 800px\" \/><\/a><\/h4>\n<h4 class=\"allmode-title\"><a href=\"https:\/\/www.macon-infos.com\/index.php?option=com_content&amp;view=article&amp;id=16222:sance-la-chorale-crechoise-si-l-on-chantait-a-fait-fureur-samedi-soir&amp;catid=164&amp;Itemid=294&amp;lang=fr\">SANC\u00c9 : La chorale \u00ab\u00a0Si l&rsquo;on chantait\u00a0\u00bb a fait fureur samedi soir<\/a><\/h4>\n","protected":false},"excerpt":{"rendered":"<p>Ce samedi 24 mars \u00e0 20h30 \u00e0 la salle de f\u00eates de Sanc\u00e9, la chorale \u00ab\u00a0si l&rsquo;on chantait\u00a0\u00bb et l&rsquo;harmonie de Cr\u00eaches sur Sa\u00f4ne ont su communiquer enthousiasme, joie et bonheur \u00e0 un public venu nombreux. Ce spectacle chorale alliant<span class=\"ellipsis\">&hellip;<\/span><\/p>\n<div class=\"read-more\"><a href=\"https:\/\/silonchantait.fr\/WordPress\/sance-la-chorale-si-lon-chantait-a-fait-fureur-samedi-soir\/\">Lire la suite &#8250;<\/a><\/div>\n<p><!-- end of .read-more --><\/p>\n","protected":false},"author":8,"featured_media":0,"comment_status":"closed","ping_status":"closed","sticky":false,"template":"","format":"standard","meta":{"ngg_post_thumbnail":0,"footnotes":""},"categories":[11],"tags":[],"class_list":["post-3836","post","type-post","status-publish","format-standard","hentry","category-articles"],"_links":{"self":[{"href":"https:\/\/silonchantait.fr\/WordPress\/wp-json\/wp\/v2\/posts\/3836","targetHints":{"allow":["GET"]}}],"collection":[{"href":"https:\/\/silonchantait.fr\/WordPress\/wp-json\/wp\/v2\/posts"}],"about":[{"href":"https:\/\/silonchantait.fr\/WordPress\/wp-json\/wp\/v2\/types\/post"}],"author":[{"embeddable":true,"href":"https:\/\/silonchantait.fr\/WordPress\/wp-json\/wp\/v2\/users\/8"}],"replies":[{"embeddable":true,"href":"https:\/\/silonchantait.fr\/WordPress\/wp-json\/wp\/v2\/comments?post=3836"}],"version-history":[{"count":0,"href":"https:\/\/silonchantait.fr\/WordPress\/wp-json\/wp\/v2\/posts\/3836\/revisions"}],"wp:attachment":[{"href":"https:\/\/silonchantait.fr\/WordPress\/wp-json\/wp\/v2\/media?parent=3836"}],"wp:term":[{"taxonomy":"category","embeddable":true,"href":"https:\/\/silonchantait.fr\/WordPress\/wp-json\/wp\/v2\/categories?post=3836"},{"taxonomy":"post_tag","embeddable":true,"href":"https:\/\/silonchantait.fr\/WordPress\/wp-json\/wp\/v2\/tags?post=3836"}],"curies":[{"name":"wp","href":"https:\/\/api.w.org\/{rel}","templated":true}]}}