
{"id":3970,"date":"2019-01-22T16:03:11","date_gmt":"2019-01-22T14:03:11","guid":{"rendered":"http:\/\/silonchantait.fr\/WordPress\/?p=3970"},"modified":"2019-02-05T20:03:25","modified_gmt":"2019-02-05T18:03:25","slug":"sance-salle-comble-pour-la-chorale-si-lon-chantait","status":"publish","type":"post","link":"https:\/\/silonchantait.fr\/WordPress\/sance-salle-comble-pour-la-chorale-si-lon-chantait\/","title":{"rendered":"Sanc\u00e9 : Salle comble pour la chorale Si l\u2019on chantait"},"content":{"rendered":"\n<div class=\"wp-block-image\"><figure class=\"aligncenter\"><img loading=\"lazy\" decoding=\"async\" width=\"287\" height=\"71\" src=\"https:\/\/silonchantait.fr\/WordPress\/wp-content\/uploads\/2014\/09\/Le-Journal.jpg\" alt=\"\" class=\"wp-image-114\" srcset=\"https:\/\/silonchantait.fr\/WordPress\/wp-content\/uploads\/2014\/09\/Le-Journal.jpg 287w, https:\/\/silonchantait.fr\/WordPress\/wp-content\/uploads\/2014\/09\/Le-Journal-100x24.jpg 100w, https:\/\/silonchantait.fr\/WordPress\/wp-content\/uploads\/2014\/09\/Le-Journal-150x37.jpg 150w, https:\/\/silonchantait.fr\/WordPress\/wp-content\/uploads\/2014\/09\/Le-Journal-200x49.jpg 200w\" sizes=\"auto, (max-width: 287px) 100vw, 287px\" \/><\/figure><\/div>\n\n\n\n<p><strong><em>Le 21\/01\/2019 \u00e0 09:38<\/em><\/strong><\/p>\n\n\n\n<p><strong>Dimanche, la salle des f\u00eates \u00e9tait \u00e0 guichets ferm\u00e9s, pour le concert annuel de la chorale Si l\u2019on chantait.<\/strong><\/p>\n\n\n\n<p><strong>Sous la direction d\u2019Olivia Gallina, les choristes sanc\u00e9ens ont propos\u00e9 un r\u00e9pertoire vari\u00e9, o\u00f9 se sont crois\u00e9s Mozart, Abba, un chant cr\u00e9ole, un chant scout ou encore des classiques de l\u2019op\u00e9rette. L\u2019invit\u00e9e du jour \u00e9tait le ch\u0153ur de la Lo\u00ebze de Replonges.<\/strong><\/p>\n\n\n\n<p style=\"text-align:right\"><strong>Jean-Louis Navarro (CLP)<\/strong><\/p>\n","protected":false},"excerpt":{"rendered":"<p>Le 21\/01\/2019 \u00e0 09:38 Dimanche, la salle des f\u00eates \u00e9tait \u00e0 guichets ferm\u00e9s, pour le concert annuel de la chorale Si l\u2019on chantait. Sous la direction d\u2019Olivia Gallina, les choristes sanc\u00e9ens ont propos\u00e9 un r\u00e9pertoire vari\u00e9, o\u00f9 se sont crois\u00e9s<span class=\"ellipsis\">&hellip;<\/span><\/p>\n<div class=\"read-more\"><a href=\"https:\/\/silonchantait.fr\/WordPress\/sance-salle-comble-pour-la-chorale-si-lon-chantait\/\">Lire la suite &#8250;<\/a><\/div>\n<p><!-- end of .read-more --><\/p>\n","protected":false},"author":8,"featured_media":0,"comment_status":"closed","ping_status":"closed","sticky":true,"template":"","format":"standard","meta":{"ngg_post_thumbnail":0,"footnotes":""},"categories":[11],"tags":[],"class_list":["post-3970","post","type-post","status-publish","format-standard","hentry","category-articles"],"_links":{"self":[{"href":"https:\/\/silonchantait.fr\/WordPress\/wp-json\/wp\/v2\/posts\/3970","targetHints":{"allow":["GET"]}}],"collection":[{"href":"https:\/\/silonchantait.fr\/WordPress\/wp-json\/wp\/v2\/posts"}],"about":[{"href":"https:\/\/silonchantait.fr\/WordPress\/wp-json\/wp\/v2\/types\/post"}],"author":[{"embeddable":true,"href":"https:\/\/silonchantait.fr\/WordPress\/wp-json\/wp\/v2\/users\/8"}],"replies":[{"embeddable":true,"href":"https:\/\/silonchantait.fr\/WordPress\/wp-json\/wp\/v2\/comments?post=3970"}],"version-history":[{"count":0,"href":"https:\/\/silonchantait.fr\/WordPress\/wp-json\/wp\/v2\/posts\/3970\/revisions"}],"wp:attachment":[{"href":"https:\/\/silonchantait.fr\/WordPress\/wp-json\/wp\/v2\/media?parent=3970"}],"wp:term":[{"taxonomy":"category","embeddable":true,"href":"https:\/\/silonchantait.fr\/WordPress\/wp-json\/wp\/v2\/categories?post=3970"},{"taxonomy":"post_tag","embeddable":true,"href":"https:\/\/silonchantait.fr\/WordPress\/wp-json\/wp\/v2\/tags?post=3970"}],"curies":[{"name":"wp","href":"https:\/\/api.w.org\/{rel}","templated":true}]}}