
{"id":3973,"date":"2019-01-22T16:16:41","date_gmt":"2019-01-22T14:16:41","guid":{"rendered":"http:\/\/silonchantait.fr\/WordPress\/?p=3973"},"modified":"2019-02-05T19:55:40","modified_gmt":"2019-02-05T17:55:40","slug":"le-second-volet-du-reportage-photos-du-concert-de-la-chorale-si-lon-chantait","status":"publish","type":"post","link":"https:\/\/silonchantait.fr\/WordPress\/le-second-volet-du-reportage-photos-du-concert-de-la-chorale-si-lon-chantait\/","title":{"rendered":"Le second volet du reportage photos du concert de la chorale Si l\u2019on chantait"},"content":{"rendered":"\n<div class=\"wp-block-image\"><figure class=\"aligncenter\"><img loading=\"lazy\" decoding=\"async\" width=\"287\" height=\"71\" src=\"https:\/\/silonchantait.fr\/WordPress\/wp-content\/uploads\/2014\/09\/Le-Journal.jpg\" alt=\"\" class=\"wp-image-114\" srcset=\"https:\/\/silonchantait.fr\/WordPress\/wp-content\/uploads\/2014\/09\/Le-Journal.jpg 287w, https:\/\/silonchantait.fr\/WordPress\/wp-content\/uploads\/2014\/09\/Le-Journal-100x24.jpg 100w, https:\/\/silonchantait.fr\/WordPress\/wp-content\/uploads\/2014\/09\/Le-Journal-150x37.jpg 150w, https:\/\/silonchantait.fr\/WordPress\/wp-content\/uploads\/2014\/09\/Le-Journal-200x49.jpg 200w\" sizes=\"auto, (max-width: 287px) 100vw, 287px\" \/><\/figure><\/div>\n\n\n\n<p><strong>La chorale sanc\u00e9enne avait invit\u00e9 le Choeur de la Lo\u00ebze de Replonges que dirige Vincent Govindin. Accompagn\u00e9s au piano par Pierre-Antoine P\u00e9hu, les choristes ont interpr\u00e9t\u00e9 un r\u00e9pertoire \u00e9clectique, enlev\u00e9, allant de Cabrel \u00e0 Zazie en passant par Trenet, Deguelt, Polnareff, Brel, Goldman, entre autres. Un beau moment<\/strong>&nbsp;! <\/p>\n\n\n\n<p><strong>Le 21\/01\/2019 \u00e0 13:36 <\/strong><\/p>\n\n\n\n<p style=\"text-align:right\"> <br \/><strong>Monique PEHU (CLP)  <\/strong><\/p>\n","protected":false},"excerpt":{"rendered":"<p>La chorale sanc\u00e9enne avait invit\u00e9 le Choeur de la Lo\u00ebze de Replonges que dirige Vincent Govindin. Accompagn\u00e9s au piano par Pierre-Antoine P\u00e9hu, les choristes ont interpr\u00e9t\u00e9 un r\u00e9pertoire \u00e9clectique, enlev\u00e9, allant de Cabrel \u00e0 Zazie en passant par Trenet, Deguelt,<span class=\"ellipsis\">&hellip;<\/span><\/p>\n<div class=\"read-more\"><a href=\"https:\/\/silonchantait.fr\/WordPress\/le-second-volet-du-reportage-photos-du-concert-de-la-chorale-si-lon-chantait\/\">Lire la suite &#8250;<\/a><\/div>\n<p><!-- end of .read-more --><\/p>\n","protected":false},"author":8,"featured_media":0,"comment_status":"closed","ping_status":"closed","sticky":true,"template":"","format":"standard","meta":{"ngg_post_thumbnail":0,"footnotes":""},"categories":[11],"tags":[],"class_list":["post-3973","post","type-post","status-publish","format-standard","hentry","category-articles"],"_links":{"self":[{"href":"https:\/\/silonchantait.fr\/WordPress\/wp-json\/wp\/v2\/posts\/3973","targetHints":{"allow":["GET"]}}],"collection":[{"href":"https:\/\/silonchantait.fr\/WordPress\/wp-json\/wp\/v2\/posts"}],"about":[{"href":"https:\/\/silonchantait.fr\/WordPress\/wp-json\/wp\/v2\/types\/post"}],"author":[{"embeddable":true,"href":"https:\/\/silonchantait.fr\/WordPress\/wp-json\/wp\/v2\/users\/8"}],"replies":[{"embeddable":true,"href":"https:\/\/silonchantait.fr\/WordPress\/wp-json\/wp\/v2\/comments?post=3973"}],"version-history":[{"count":0,"href":"https:\/\/silonchantait.fr\/WordPress\/wp-json\/wp\/v2\/posts\/3973\/revisions"}],"wp:attachment":[{"href":"https:\/\/silonchantait.fr\/WordPress\/wp-json\/wp\/v2\/media?parent=3973"}],"wp:term":[{"taxonomy":"category","embeddable":true,"href":"https:\/\/silonchantait.fr\/WordPress\/wp-json\/wp\/v2\/categories?post=3973"},{"taxonomy":"post_tag","embeddable":true,"href":"https:\/\/silonchantait.fr\/WordPress\/wp-json\/wp\/v2\/tags?post=3973"}],"curies":[{"name":"wp","href":"https:\/\/api.w.org\/{rel}","templated":true}]}}